{"id":594,"global_id":"ruhrkampf1920.de\/start?id=594","global_id_lineage":["ruhrkampf1920.de\/start?id=594"],"author":"1","status":"publish","date":"2020-08-12 08:14:25","date_utc":"2020-08-12 08:14:25","modified":"2020-08-12 08:14:25","modified_utc":"2020-08-12 08:14:25","url":"http:\/\/ruhrkampf1920.de\/start\/event\/der-ruhrkampf-1920-das-ruhrgebiet-und-die-republik-zwischen-zivilisationsbruch-und-zivilcourage\/","rest_url":"http:\/\/ruhrkampf1920.de\/start\/wp-json\/tribe\/events\/v1\/events\/594","title":"Der Ruhrkampf 1920 \u2013 Das Ruhrgebiet und die Republik zwischen Zivilisationsbruch und Zivilcourage","description":"<h2>Ein Vortrags- und Diskussionsveranstaltung zum Abschluss der Reihe<\/h2>\n<p>Auf der Suche nach einer aktuellen Gesamtdarstellung zum<br \/>\nKapp-Putsch und den sich anschlie\u00dfenden K\u00e4mpfen im M\u00e4rz<br \/>\nund April 1920 konnten interessierte Leser*innen auch schon<br \/>\neinmal verzweifeln. Klaus Gietinger schafft hier Abhilfe und<br \/>\ngibt nun auch denjenigen eine Chance, sich einen \u00dcberblick zu<br \/>\nverschaffen, die von Erhard Lucas dreib\u00e4ndigen Gesamtwerk<br \/>\nzwar beeindruckt \u2013 mitunter aber auch abgeschreckt wurden.<br \/>\nDr. Ludger Fittkau fokussiert in seinem Vortrag auf die zeitgen\u00f6ssische<br \/>\nStudie von Gerhard Colm und regt dazu an, sich<br \/>\nerneut und tiefergehend den Quellen zu M\u00e4rz und April 1920<br \/>\nzu widmen. Mit Joanna Seiffert schauen wir uns erinnerungskulturelle<br \/>\nAspekte genauer an. Gemeinsam diskutieren wir aktuelle<br \/>\nerinnerungskulturelle Fragen und den Forschungsstand.<br \/>\nHierbei im Fokus: Wie, von Wem und Warum wird im Laufe von<br \/>\n100 Jahren an die Ereignisse im M\u00e4rz &amp; April 1920 erinnert?<\/p>\n<p>Vortr\u00e4ge, Lesungen &amp; Diskussionen mit<br \/>\nDr. Ludger Fittkau, Ruhrkampf 1920, Ein politischer Reisef\u00fchrer<br \/>\n\u2013 \u201erevisited 2020\u201c<br \/>\nKlaus Gietinger, Kapp-Putsch 1920 \u2013 Abwehrk\u00e4mpfe \u2013 Rote<br \/>\nRuhrarmee<br \/>\nJoana Seiffert, B\u00fcrgerkrieg im Ruhrgebiet, Erinnerungsort<br \/>\nRuhrkampf<br \/>\nWeitere Referent*innen sind angefragt.<br \/>\nLeitung und Moderation: Andreas Zolper, Dr. Joachim Thommes<\/p>\n<p>&nbsp;<\/p>\n<p><a href=\"https:\/\/hu-bildungswerk.de\/service\/anmeldeformular\/\">Anmeldung<\/a> erforderlich!<\/p>\n<p>Kursnummer: K.6<\/p>","excerpt":"<div class=\"mh-excerpt\"><\/div>","slug":"der-ruhrkampf-1920-das-ruhrgebiet-und-die-republik-zwischen-zivilisationsbruch-und-zivilcourage","image":false,"all_day":false,"start_date":"2021-03-13 11:00:00","start_date_details":{"year":"2021","month":"03","day":"13","hour":"11","minutes":"00","seconds":"00"},"end_date":"2021-03-13 15:00:00","end_date_details":{"year":"2021","month":"03","day":"13","hour":"15","minutes":"00","seconds":"00"},"utc_start_date":"2021-03-13 11:00:00","utc_start_date_details":{"year":"2021","month":"03","day":"13","hour":"11","minutes":"00","seconds":"00"},"utc_end_date":"2021-03-13 15:00:00","utc_end_date_details":{"year":"2021","month":"03","day":"13","hour":"15","minutes":"00","seconds":"00"},"timezone":"UTC+0","timezone_abbr":"UTC+0","cost":"","cost_details":{"currency_symbol":"0","currency_code":"","currency_position":"prefix","values":[]},"website":"","show_map":false,"show_map_link":false,"hide_from_listings":false,"sticky":true,"featured":false,"categories":[{"name":"Diskussionen","slug":"diskussionen","term_group":0,"term_taxonomy_id":34,"taxonomy":"tribe_events_cat","description":"","parent":0,"count":11,"filter":"raw","id":34,"urls":{"self":"http:\/\/ruhrkampf1920.de\/start\/wp-json\/tribe\/events\/v1\/categories\/34","collection":"http:\/\/ruhrkampf1920.de\/start\/wp-json\/tribe\/events\/v1\/categories"}},{"name":"Vortrag","slug":"vortrag","term_group":0,"term_taxonomy_id":23,"taxonomy":"tribe_events_cat","description":"","parent":0,"count":19,"filter":"raw","id":23,"urls":{"self":"http:\/\/ruhrkampf1920.de\/start\/wp-json\/tribe\/events\/v1\/categories\/23","collection":"http:\/\/ruhrkampf1920.de\/start\/wp-json\/tribe\/events\/v1\/categories"}}],"tags":[],"venue":{"id":598,"author":"1","status":"publish","date":"2020-08-12 08:14:26","date_utc":"2020-08-12 08:14:26","modified":"2020-08-12 08:14:26","modified_utc":"2020-08-12 08:14:26","url":"http:\/\/ruhrkampf1920.de\/start\/veranstaltungsort\/ruhrmuseum-welterbe-zollverein-schacht-xii-kokskohlenbunker-a16-essen-2\/","venue":"RuhrMuseum, Welterbe Zollverein, Schacht XII, Kokskohlenbunker [A16], Essen","excerpt":"<div class=\"mh-excerpt\"><\/div>","slug":"ruhrmuseum-welterbe-zollverein-schacht-xii-kokskohlenbunker-a16-essen-2","address":"Gelsenkirchener Str. 181","city":"Essen","country":"Deutschland","zip":"45309","json_ld":{"@type":"Place","name":"RuhrMuseum, Welterbe Zollverein, Schacht XII, Kokskohlenbunker [A16], Essen","description":"","url":"","address":{"@type":"PostalAddress","streetAddress":"Gelsenkirchener Str. 181","addressLocality":"Essen","postalCode":"45309","addressCountry":"Deutschland"},"telephone":"","sameAs":""},"show_map":true,"show_map_link":true,"global_id":"ruhrkampf1920.de\/start?id=598","global_id_lineage":["ruhrkampf1920.de\/start?id=598"]},"organizer":[{"id":152,"author":"1","status":"publish","date":"2020-01-16 09:12:50","date_utc":"2020-01-16 09:12:50","modified":"2020-01-16 10:23:23","modified_utc":"2020-01-16 10:23:23","url":"http:\/\/ruhrkampf1920.de\/start\/veranstalter\/bildungswerk-der-humanistischen-union\/","organizer":"Bildungswerk der Humanistischen Union","description":"<p>Veranstaltungsort variiert.<\/p>","excerpt":"<div class=\"mh-excerpt\"><\/div>","slug":"bildungswerk-der-humanistischen-union","phone":"0201-227982 und 0201-228937","website":"https:\/\/hu-bildungswerk.de\/","email":"buero@hu-bildungswerk.de","json_ld":{"@type":"Person","name":"Bildungswerk der Humanistischen Union","description":"&lt;p&gt;Veranstaltungsort variiert.&lt;\/p&gt;\\n","url":"https:\/\/hu-bildungswerk.de\/","telephone":"0201-227982 und 0201-228937","email":"&#98;ue&#114;o&#64;&#104;u&#45;b&#105;l&#100;&#117;&#110;g&#115;&#119;erk&#46;&#100;e","sameAs":"https:\/\/hu-bildungswerk.de\/"},"global_id":"ruhrkampf1920.de\/start?id=152","global_id_lineage":["ruhrkampf1920.de\/start?id=152"]},{"id":294,"author":"1","status":"publish","date":"2020-02-11 12:37:20","date_utc":"2020-02-11 12:37:20","modified":"2020-02-26 11:37:57","modified_utc":"2020-02-26 11:37:57","url":"http:\/\/ruhrkampf1920.de\/start\/veranstalter\/ruhrmuseum\/","organizer":"Ruhr Museum, Essen","excerpt":"<div class=\"mh-excerpt\"><\/div>","slug":"ruhrmuseum","json_ld":{"@type":"Person","name":"Ruhr Museum, Essen","description":"","url":"","telephone":"","email":"","sameAs":""},"global_id":"ruhrkampf1920.de\/start?id=294","global_id_lineage":["ruhrkampf1920.de\/start?id=294"]}],"json_ld":{"@context":"http:\/\/schema.org","@type":"Event","name":"Der Ruhrkampf 1920 \u2013 Das Ruhrgebiet und die Republik zwischen Zivilisationsbruch und Zivilcourage","description":"&lt;p&gt;Ein Vortrags- und Diskussionsveranstaltung zum Abschluss der Reihe Auf der Suche nach einer aktuellen Gesamtdarstellung zum Kapp-Putsch und den sich anschlie\u00dfenden K\u00e4mpfen im M\u00e4rz und &lt;a class=&quot;mh-excerpt-more&quot; href=&quot;http:\/\/ruhrkampf1920.de\/start\/event\/der-ruhrkampf-1920-das-ruhrgebiet-und-die-republik-zwischen-zivilisationsbruch-und-zivilcourage\/&quot; title=&quot;Der Ruhrkampf 1920 \u2013 Das Ruhrgebiet und die Republik zwischen Zivilisationsbruch und Zivilcourage&quot;&gt;[...]&lt;\/a&gt;&lt;\/p&gt;\\n","url":"http:\/\/ruhrkampf1920.de\/start\/event\/der-ruhrkampf-1920-das-ruhrgebiet-und-die-republik-zwischen-zivilisationsbruch-und-zivilcourage\/","eventAttendanceMode":"https:\/\/schema.org\/OfflineEventAttendanceMode","startDate":"2021-03-13T11:00:00+00:00","endDate":"2021-03-13T15:00:00+00:00","location":{"@type":"Place","name":"RuhrMuseum, Welterbe Zollverein, Schacht XII, Kokskohlenbunker [A16], Essen","description":"","url":"","address":{"@type":"PostalAddress","streetAddress":"Gelsenkirchener Str. 181","addressLocality":"Essen","postalCode":"45309","addressCountry":"Deutschland"},"telephone":"","sameAs":""},"organizer":{"@type":"Person","name":"Bildungswerk der Humanistischen Union","description":"&lt;p&gt;Veranstaltungsort variiert.&lt;\/p&gt;\\n","url":"https:\/\/hu-bildungswerk.de\/","telephone":"0201-227982 und 0201-228937","email":"b&#117;ero&#64;&#104;&#117;-&#98;ild&#117;n&#103;&#115;&#119;&#101;&#114;k&#46;d&#101;","sameAs":"https:\/\/hu-bildungswerk.de\/"},"performer":"Organization"}}