{"id":584,"date":"2020-09-24T12:00:00","date_gmt":"2020-09-24T12:00:00","guid":{"rendered":"http:\/\/ruhrkampf1920.de\/start\/?p=584"},"modified":"2020-09-24T09:57:13","modified_gmt":"2020-09-24T09:57:13","slug":"interview","status":"publish","type":"post","link":"https:\/\/ruhrkampf1920.de\/start\/interview\/","title":{"rendered":"Interview"},"content":{"rendered":"\n<h3>Valentin Heiermann im Interview mit Thorsten Fischer<\/h3>\n\n\n\n<p>Thorsten Fischer hat Germanistik und Geschichte studiert und arbeitet als Lehrbeauftragter f\u00fcr die mittelalterliche Geschichte an der Universit\u00e4t Essen-Duisburg. \u00dcber sein Interesse f\u00fcr die Regionalgeschichte seines Heimatortes Duisburg Homberg gelangte Fischer zum Thema &#8222;Ruhrkampf 1920&#8220;, wobei er vor allem Experte f\u00fcr das heftig umk\u00e4mpfte Zechengel\u00e4nde Lohberg ist.<\/p>\n\n\n\n<figure class=\"wp-block-audio\"><audio controls src=\"http:\/\/ruhrkampf1920.de\/wp-content\/uploads\/2020\/07\/Interview-Throsten-Fischer-Version-2.mp3\"><\/audio><\/figure>\n\n\n\n<div style=\"height:50px\" aria-hidden=\"true\" class=\"wp-block-spacer\"><\/div>\n\n\n\n<h3>Lydia W\u00fcrttemberger im Interview mit Dietrich Thier<\/h3>\n\n\n\n<p>Dr. Dietrich Thier war als Historiker etwa 30 Jahre bei der Stadt Wetter unter anderem zust\u00e4ndig f\u00fcr Archiv und Kultur. Er leitete das Stadtarchiv Wetter und das Ennepe-Ruhr-Archiv. Mittlerweile gibt der pensionierte Historiker das \u201eM\u00e4rkische Jahrbuch f\u00fcr Geschichte\u201c heraus und forscht zur Lokal- und Regionalgeschichte. Als Leiter des Stadtarchivs Wetter kam Dr. Dietrich Thier mit der Geschichte des Ruhrkampfs 1920 in Wetter in Kontakt. Er unterst\u00fctzte die Organisation von Veranstaltungen zu vergangenen Jahrestagen des Ruhrkampfes und beteiligte sich an der Etablierung einer Erinnerungskultur in Wetter, die die verschiedenen Perspektiven der handelnden Akteure ber\u00fccksichtigt. Er berichtet im folgenden Interview von den Geschehnissen in Wetter w\u00e4hrend des Ruhrkampfes und den st\u00e4dtischen Erinnerungskulturen bis heute.<\/p>\n\n\n\n<figure class=\"wp-block-audio\"><audio controls src=\"http:\/\/ruhrkampf1920.de\/wp-content\/uploads\/2020\/08\/Interview_Thier_v1.mp3\"><\/audio><\/figure>\n\n\n\n<div style=\"height:50px\" aria-hidden=\"true\" class=\"wp-block-spacer\"><\/div>\n\n\n\n<h3>Walter Wandtke im Interview mit Joana Seiffert<\/h3>\n\n\n\n<p>Joana Seiffert besch\u00e4ftigt sich in ihrer Dissertation mit der Rezeptions- und Erinnerungsgeschichte zum Ruhrkampf vom Fr\u00fchjahr 1920. Nach wissenschaftlichen T\u00e4tigkeiten am Bochumer Institut f\u00fcr soziale Bewegungen sowie am Lehrstuhl f\u00fcr Didaktik der Geschichte der Ruhr-Universit\u00e4t Bochum ist sie derzeit Lehrerin am Hans-Schwier-Berufskolleg in Gelsenkirchen. Sie ist Mitherausgeberin des in <em>ZEIT-R\u00c4UME RUHR<\/em> entstandenen Sammelbandes \u00bbErinnerungsorte. Chancen, Grenzen und Perspektiven eines Erfolgskonzeptes in der Kulturwissenschaft\u00ab (hrsg. Mit Stefan Berger, Klartext 2014).<\/p>\n\n\n\n<figure class=\"wp-block-audio\"><audio controls src=\"http:\/\/ruhrkampf1920.de\/wp-content\/uploads\/2020\/08\/Joana_Seiffert_Interview_V2.mp3\"><\/audio><\/figure>\n\n\n\n<div style=\"height:50px\" aria-hidden=\"true\" class=\"wp-block-spacer\"><\/div>\n\n\n\n<h3>Walter Wandtke im Interview mit Ludger Fittkau<\/h3>\n\n\n\n<p>Ludger Fittkau studierte an der Fernuniversit\u00e4t Hagen Soziologie. 2006 wurde er mit der Dissertation \u00bbAutonomie und Fremdt\u00f6tung. Sterbehilfe als Sozialtechnologie\u00ab zum Dr. phil. promoviert. 2009 wurde Fittkau Rheinland-Pfalz-Korrespondent des Deutschlandradios in Mainz. Heute ist er Hessen-Korrespondent des Deutschlandradios und war 2013\/2014 Lehrbeauftragter am Fachbereich Gesellschafts- und Geschichtswissenschaften der Technischen Universit\u00e4t Darmstadt. Seine journalistischen Anf\u00e4nge wurzeln in Essen (Jugendbildungsreferent im Di\u00f6zesanverband Essen. 1986 wechselte er als Gesch\u00e4ftsf\u00fchrer und Medienp\u00e4dagoge zum B\u00fcrgerradioverein Neue Essener Welle e.V., Mitarbeit im Medienzentrum Ruhr e. V.). Heute lebt Herr Dr. Fittkau in Darmstadt. Sein 1990 gemeinsam mit Angelika Schl\u00fcter in der ersten Auflage herausgegebener politischer Reisef\u00fchrer \u00bbRuhrkampf 1920 \u2013 die vergessene Revolution\u00ab geh\u00f6rt zu den Klassikern zu diesem Themenkreis. Mit seinem Beitrag \u00bbRuhrkampf 1920 \u2013 revisitet\u00ab blickt er 30 Jahre zur\u00fcck, vergleicht und erg\u00e4nzt wesentliche Aspekte.<\/p>\n\n\n\n<figure class=\"wp-block-audio\"><audio controls src=\"http:\/\/ruhrkampf1920.de\/wp-content\/uploads\/2020\/08\/Interview-Ludger_Fittkau-END-2.mp3\"><\/audio><\/figure>\n\n\n\n<p><\/p>\n","protected":false},"excerpt":{"rendered":"<div class=\"mh-excerpt\"><p>Valentin Heiermann im Interview mit Thorsten Fischer Thorsten Fischer hat Germanistik und Geschichte studiert und arbeitet als Lehrbeauftragter f\u00fcr die mittelalterliche Geschichte an der Universit\u00e4t <a class=\"mh-excerpt-more\" href=\"https:\/\/ruhrkampf1920.de\/start\/interview\/\" title=\"Interview\">[&#8230;]<\/a><\/p>\n<\/div>","protected":false},"author":1,"featured_media":0,"comment_status":"open","ping_status":"closed","sticky":false,"template":"","format":"standard","meta":[],"categories":[1],"tags":[],"aioseo_notices":[],"_links":{"self":[{"href":"https:\/\/ruhrkampf1920.de\/start\/wp-json\/wp\/v2\/posts\/584"}],"collection":[{"href":"https:\/\/ruhrkampf1920.de\/start\/wp-json\/wp\/v2\/posts"}],"about":[{"href":"https:\/\/ruhrkampf1920.de\/start\/wp-json\/wp\/v2\/types\/post"}],"author":[{"embeddable":true,"href":"https:\/\/ruhrkampf1920.de\/start\/wp-json\/wp\/v2\/users\/1"}],"replies":[{"embeddable":true,"href":"https:\/\/ruhrkampf1920.de\/start\/wp-json\/wp\/v2\/comments?post=584"}],"version-history":[{"count":20,"href":"https:\/\/ruhrkampf1920.de\/start\/wp-json\/wp\/v2\/posts\/584\/revisions"}],"predecessor-version":[{"id":645,"href":"https:\/\/ruhrkampf1920.de\/start\/wp-json\/wp\/v2\/posts\/584\/revisions\/645"}],"wp:attachment":[{"href":"https:\/\/ruhrkampf1920.de\/start\/wp-json\/wp\/v2\/media?parent=584"}],"wp:term":[{"taxonomy":"category","embeddable":true,"href":"https:\/\/ruhrkampf1920.de\/start\/wp-json\/wp\/v2\/categories?post=584"},{"taxonomy":"post_tag","embeddable":true,"href":"https:\/\/ruhrkampf1920.de\/start\/wp-json\/wp\/v2\/tags?post=584"}],"curies":[{"name":"wp","href":"https:\/\/api.w.org\/{rel}","templated":true}]}}